{"id":221,"date":"2015-08-26T19:56:02","date_gmt":"2015-08-26T19:56:02","guid":{"rendered":"http:\/\/serdartemiz.com\/?p=221"},"modified":"2016-10-06T14:37:53","modified_gmt":"2016-10-06T14:37:53","slug":"my-presentation-for-world-water-week","status":"publish","type":"post","link":"https:\/\/serdartemiz.com\/?p=221","title":{"rendered":"My Presentation for World Water Week"},"content":{"rendered":"<p>I am going to\u00a0 be one of 4 speakers at a panel during\u00a0 &#8220;World Water Week&#8221;. Event title is &#8220;Technological Innovation &amp; New Media: The Future of Development&#8221;. Event will be moderated by Rowena Barber, the program of the event is as below:(I also upload my presentation in advance to here)<br \/>\n<iframe loading=\"lazy\" style=\"border: 1px solid #CCC; border-width: 1px; margin-bottom: 5px; max-width: 100%;\" src=\"\/\/www.slideshare.net\/slideshow\/embed_code\/key\/mB95TXTZkXuzKU\" width=\"425\" height=\"355\" frameborder=\"0\" marginwidth=\"0\" marginheight=\"0\" scrolling=\"no\" allowfullscreen=\"allowfullscreen\"> <\/iframe><\/p>\n<div style=\"margin-bottom: 5px;\"><strong> <a title=\"How Open Data Changes Our Life?\" href=\"\/\/www.slideshare.net\/SerdarTemi\/how-open-data-changes-our-life\" target=\"_blank\">How Open Data Changes Our Life?<\/a> <\/strong> from <strong><a href=\"\/\/www.slideshare.net\/SerdarTemi\" target=\"_blank\">Serdar Temiz<\/a><\/strong><\/div>\n<p>Moderator: Rowena Barber, Siwi.<br \/>\nSpeakers: Mikkel Preisler, LinkedIn. Serdar Temiz, KTH\/OKFN. Anna Rosling R\u00f6nnlund, Dollar Street. Tobias Denskus, Malm\u00f6 H\u00f6gskola.<\/p>\n<p>Schedule:<br \/>\n11:00 \u2013 Opening and welcome remarks<br \/>\nModerator: Rowena Barber, Siwi.<br \/>\n11:10 -11:40 \u2013 Speaker presentations:<br \/>\n11:10 &#8211; Serdar Temiz, KTH\/OKFN, \u201cHow open data changes our life?\u201d<br \/>\n11:20 &#8211; Anna Rosling R\u00f6nnlund, Dollar Street, &#8220;Using photos as data to understand how people really live&#8221;<br \/>\n11:30 \u2013 Tobias Denskus, Malm\u00f6 H\u00f6gskola. \u201c&#8217;From social media to social change-How can clicktivism become more political?&#8217;\u201d<br \/>\n11:45-12:15 \u2013 \u201cRound Robin\u201d (2 sets x 15min)<br \/>\n12:15 -12:25 &#8211; Mikkel Preisler, LinkedIn. \u201cHow to build your brand on LinkedIn and enhance your network\u201d<br \/>\n12:25-12:30 \u2013 Conclusion<\/p>\n<p>For more info and registration please check here:http:\/\/programme.worldwaterweek.org\/event\/5074<\/p>\n","protected":false},"excerpt":{"rendered":"<p>I am going to\u00a0 be one of 4 speakers at a panel during\u00a0 &#8220;World Water Week&#8221;. Event title is &#8220;Technological Innovation &amp; New Media: The Future of Development&#8221;. Event will be moderated by Rowena Barber, the program of the event &hellip; <a href=\"https:\/\/serdartemiz.com\/?p=221\">Continue reading <span class=\"meta-nav\">&rarr;<\/span><\/a><\/p>\n","protected":false},"author":2,"featured_media":222,"comment_status":"closed","ping_status":"open","sticky":false,"template":"","format":"standard","meta":{"footnotes":""},"categories":[10,1,6],"tags":[],"_links":{"self":[{"href":"https:\/\/serdartemiz.com\/index.php?rest_route=\/wp\/v2\/posts\/221"}],"collection":[{"href":"https:\/\/serdartemiz.com\/index.php?rest_route=\/wp\/v2\/posts"}],"about":[{"href":"https:\/\/serdartemiz.com\/index.php?rest_route=\/wp\/v2\/types\/post"}],"author":[{"embeddable":true,"href":"https:\/\/serdartemiz.com\/index.php?rest_route=\/wp\/v2\/users\/2"}],"replies":[{"embeddable":true,"href":"https:\/\/serdartemiz.com\/index.php?rest_route=%2Fwp%2Fv2%2Fcomments&post=221"}],"version-history":[{"count":1,"href":"https:\/\/serdartemiz.com\/index.php?rest_route=\/wp\/v2\/posts\/221\/revisions"}],"predecessor-version":[{"id":223,"href":"https:\/\/serdartemiz.com\/index.php?rest_route=\/wp\/v2\/posts\/221\/revisions\/223"}],"wp:featuredmedia":[{"embeddable":true,"href":"https:\/\/serdartemiz.com\/index.php?rest_route=\/wp\/v2\/media\/222"}],"wp:attachment":[{"href":"https:\/\/serdartemiz.com\/index.php?rest_route=%2Fwp%2Fv2%2Fmedia&parent=221"}],"wp:term":[{"taxonomy":"category","embeddable":true,"href":"https:\/\/serdartemiz.com\/index.php?rest_route=%2Fwp%2Fv2%2Fcategories&post=221"},{"taxonomy":"post_tag","embeddable":true,"href":"https:\/\/serdartemiz.com\/index.php?rest_route=%2Fwp%2Fv2%2Ftags&post=221"}],"curies":[{"name":"wp","href":"https:\/\/api.w.org\/{rel}","templated":true}]}}